{"id":8323,"date":"2022-11-08T13:55:39","date_gmt":"2022-11-08T18:55:39","guid":{"rendered":"https:\/\/smartmill.ca\/?p=8323"},"modified":"2022-11-08T14:13:12","modified_gmt":"2022-11-08T19:13:12","slug":"smartmill-perce-le-marche-europeen-avec-le-smart-trim","status":"publish","type":"post","link":"https:\/\/smartmill.ca\/fr\/smartmill-perce-le-marche-europeen-avec-le-smart-trim\/","title":{"rendered":"SmartMill perce la zone Euro avec la vente d&rsquo;un syst\u00e8me Smart Trim en Allemagne."},"content":{"rendered":"\t\t<div data-elementor-type=\"wp-post\" data-elementor-id=\"8323\" class=\"elementor elementor-8323\" data-elementor-post-type=\"post\">\n\t\t\t\t\t\t<section class=\"elementor-section elementor-top-section elementor-element elementor-element-10a4095 elementor-section-boxed elementor-section-height-default elementor-section-height-default\" data-id=\"10a4095\" data-element_type=\"section\" data-settings=\"{&quot;jet_parallax_layout_list&quot;:[]}\">\n\t\t\t\t\t\t<div class=\"elementor-container elementor-column-gap-default\">\n\t\t\t\t\t<div class=\"elementor-column elementor-col-100 elementor-top-column elementor-element elementor-element-032c43b\" data-id=\"032c43b\" data-element_type=\"column\">\n\t\t\t<div class=\"elementor-widget-wrap elementor-element-populated\">\n\t\t\t\t\t\t<div class=\"elementor-element elementor-element-69ff71a elementor-widget elementor-widget-text-editor\" data-id=\"69ff71a\" data-element_type=\"widget\" data-widget_type=\"text-editor.default\">\n\t\t\t\t<div class=\"elementor-widget-container\">\n\t\t\t\t\t\t\t<h3>Jean B\u00e9rub\u00e9, pr\u00e9sident de SmartMill, a confirm\u00e9 la signature d\u2019un nouveau contrat couvrant la vente et l\u2019installation du syst\u00e8me <a href=\"https:\/\/smartmill.ca\/fr\/produits-smartmill\/ce-systeme-3-en-1-se-sert-des-solutions-de-loptimiseur-pour-charger-positionner-et-ebouter-le-bois-vert-ou-sec\/\" target=\"_blank\" rel=\"noopener\">Smart Trim<\/a> \u00e0 <a href=\"https:\/\/www.ante-holz.de\/en\/\"><strong>Ante-Holz GmbH<\/strong><\/a><strong>,<\/strong> le plus gros producteur de bois d\u2019\u0153uvre en Allemagne.<\/h3><h3>\u00a0<\/h3><h3>\u00ab\u00a0Cette innovante technologie d\u2019\u00e9boutage, d\u2019invention Qu\u00e9b\u00e9coise, conna\u00eet d\u00e9j\u00e0 un succ\u00e8s important au Canada et les \u00c9tats-Unis. Aujourd\u2019hui, je suis tr\u00e8s fier de confirmer la perc\u00e9e majeure du Smart Trim dans le march\u00e9 europ\u00e9en\u00a0chez un de plus importants acteurs dans l\u2019industrie du bois en Europe\u00bb, ajoute M. B\u00e9rub\u00e9.<\/h3><h3>\u00a0<\/h3><h3>Ce nouveau partenariat confirme la position de SmartMill en tant que leader de l\u2019industrie foresti\u00e8re avec une offre de solutions technologiques uniques pour les scieries. Dans ce sens, M. B\u00e9rub\u00e9 confirme \u00ab\u00a0Nous sommes actuellement en discussion avec d\u2019autres usines en Europe et sommes convaincus de son succ\u00e8s dans ce nouveau march\u00e9\u00a0\u00bb<\/h3>\t\t\t\t\t\t<\/div>\n\t\t\t\t<\/div>\n\t\t\t\t\t<\/div>\n\t\t<\/div>\n\t\t\t\t\t<\/div>\n\t\t<\/section>\n\t\t\t\t<section class=\"elementor-section elementor-top-section elementor-element elementor-element-62e0488 elementor-section-boxed elementor-section-height-default elementor-section-height-default\" data-id=\"62e0488\" data-element_type=\"section\" data-settings=\"{&quot;jet_parallax_layout_list&quot;:[]}\">\n\t\t\t\t\t\t<div class=\"elementor-container elementor-column-gap-default\">\n\t\t\t\t\t<div class=\"elementor-column elementor-col-100 elementor-top-column elementor-element elementor-element-446a88d\" data-id=\"446a88d\" data-element_type=\"column\">\n\t\t\t<div class=\"elementor-widget-wrap elementor-element-populated\">\n\t\t\t\t\t\t<div class=\"elementor-element elementor-element-283c49a elementor-widget elementor-widget-text-editor\" data-id=\"283c49a\" data-element_type=\"widget\" data-widget_type=\"text-editor.default\">\n\t\t\t\t<div class=\"elementor-widget-container\">\n\t\t\t\t\t\t\t<table><tbody><tr><td><h3><strong><u>\u00c0 PROPOS DU <a href=\"https:\/\/smartmill.ca\/fr\/produits-smartmill\/ce-systeme-3-en-1-se-sert-des-solutions-de-loptimiseur-pour-charger-positionner-et-ebouter-le-bois-vert-ou-sec\/\">SMART TRIM<\/a><\/u><\/strong><\/h3><h3><a href=\"https:\/\/youtu.be\/fEUTjdUA6dU\"><strong>SMART TRIM<\/strong><\/a> combine trois \u00e9quipements en un\u00a0: un chargeur \u00e0 pinces, un syst\u00e8me de positionnement et une \u00e9bouteuse \u00e0 scie multiples. Ce syst\u00e8me permet de produire des longueurs infinies.<\/h3><\/td><\/tr><\/tbody><\/table>\t\t\t\t\t\t<\/div>\n\t\t\t\t<\/div>\n\t\t\t\t\t<\/div>\n\t\t<\/div>\n\t\t\t\t\t<\/div>\n\t\t<\/section>\n\t\t\t\t<section class=\"elementor-section elementor-top-section elementor-element elementor-element-05dd87c elementor-section-boxed elementor-section-height-default elementor-section-height-default\" data-id=\"05dd87c\" data-element_type=\"section\" data-settings=\"{&quot;jet_parallax_layout_list&quot;:[]}\">\n\t\t\t\t\t\t<div class=\"elementor-container elementor-column-gap-default\">\n\t\t\t\t\t<div class=\"elementor-column elementor-col-100 elementor-top-column elementor-element elementor-element-ca0c400\" data-id=\"ca0c400\" data-element_type=\"column\">\n\t\t\t<div class=\"elementor-widget-wrap elementor-element-populated\">\n\t\t\t\t\t\t<section class=\"elementor-section elementor-inner-section elementor-element elementor-element-5f74284 elementor-section-boxed elementor-section-height-default elementor-section-height-default\" data-id=\"5f74284\" data-element_type=\"section\" data-settings=\"{&quot;jet_parallax_layout_list&quot;:[]}\">\n\t\t\t\t\t\t<div class=\"elementor-container elementor-column-gap-default\">\n\t\t\t\t\t<div class=\"elementor-column elementor-col-50 elementor-inner-column elementor-element elementor-element-515fd57\" data-id=\"515fd57\" data-element_type=\"column\">\n\t\t\t<div class=\"elementor-widget-wrap elementor-element-populated\">\n\t\t\t\t\t\t<div class=\"elementor-element elementor-element-0847bb4 elementor-widget elementor-widget-image\" data-id=\"0847bb4\" data-element_type=\"widget\" data-widget_type=\"image.default\">\n\t\t\t\t<div class=\"elementor-widget-container\">\n\t\t\t\t\t\t\t\t\t\t\t\t\t<img fetchpriority=\"high\" decoding=\"async\" width=\"366\" height=\"245\" src=\"https:\/\/smartmill.ca\/wp-content\/uploads\/2021\/09\/SMART-TRIM.jpg\" class=\"attachment-large size-large wp-image-3358\" alt=\"\" srcset=\"https:\/\/smartmill.ca\/wp-content\/uploads\/2021\/09\/SMART-TRIM.jpg 366w, https:\/\/smartmill.ca\/wp-content\/uploads\/2021\/09\/SMART-TRIM-300x201.jpg 300w\" sizes=\"(max-width: 366px) 100vw, 366px\" \/>\t\t\t\t\t\t\t\t\t\t\t\t\t<\/div>\n\t\t\t\t<\/div>\n\t\t\t\t\t<\/div>\n\t\t<\/div>\n\t\t\t\t<div class=\"elementor-column elementor-col-50 elementor-inner-column elementor-element elementor-element-5e2a80a\" data-id=\"5e2a80a\" data-element_type=\"column\">\n\t\t\t<div class=\"elementor-widget-wrap elementor-element-populated\">\n\t\t\t\t\t\t<div class=\"elementor-element elementor-element-0924b7b elementor-widget elementor-widget-image\" data-id=\"0924b7b\" data-element_type=\"widget\" data-widget_type=\"image.default\">\n\t\t\t\t<div class=\"elementor-widget-container\">\n\t\t\t\t\t\t\t\t\t\t\t\t\t<img decoding=\"async\" width=\"900\" height=\"600\" src=\"https:\/\/smartmill.ca\/wp-content\/uploads\/2020\/09\/SmartMill-Smart-Trim-lug-loader-fence-and-trimmer.jpg\" class=\"attachment-large size-large wp-image-1961\" alt=\"SmartMill Smart Trim lug-loader fence and trimmer\" srcset=\"https:\/\/smartmill.ca\/wp-content\/uploads\/2020\/09\/SmartMill-Smart-Trim-lug-loader-fence-and-trimmer.jpg 900w, https:\/\/smartmill.ca\/wp-content\/uploads\/2020\/09\/SmartMill-Smart-Trim-lug-loader-fence-and-trimmer-300x200.jpg 300w, https:\/\/smartmill.ca\/wp-content\/uploads\/2020\/09\/SmartMill-Smart-Trim-lug-loader-fence-and-trimmer-768x512.jpg 768w\" sizes=\"(max-width: 900px) 100vw, 900px\" \/>\t\t\t\t\t\t\t\t\t\t\t\t\t<\/div>\n\t\t\t\t<\/div>\n\t\t\t\t\t<\/div>\n\t\t<\/div>\n\t\t\t\t\t<\/div>\n\t\t<\/section>\n\t\t\t\t<section class=\"elementor-section elementor-inner-section elementor-element elementor-element-71d3f48 elementor-section-boxed elementor-section-height-default elementor-section-height-default\" data-id=\"71d3f48\" data-element_type=\"section\" data-settings=\"{&quot;jet_parallax_layout_list&quot;:[]}\">\n\t\t\t\t\t\t<div class=\"elementor-container elementor-column-gap-default\">\n\t\t\t\t\t<div class=\"elementor-column elementor-col-50 elementor-inner-column elementor-element elementor-element-1d1de91\" data-id=\"1d1de91\" data-element_type=\"column\">\n\t\t\t<div class=\"elementor-widget-wrap elementor-element-populated\">\n\t\t\t\t\t\t<div class=\"elementor-element elementor-element-13fbc9d elementor-widget elementor-widget-text-editor\" data-id=\"13fbc9d\" data-element_type=\"widget\" data-widget_type=\"text-editor.default\">\n\t\t\t\t<div class=\"elementor-widget-container\">\n\t\t\t\t\t\t\t<h3><strong><u>3-<\/u><\/strong><strong><u>EN-1 SYST\u00c8ME INT\u00c9GR\u00c9 <\/u><\/strong><\/h3><h3>Chargeur \u00e0 pinces<\/h3><h3>Syst\u00e8me de positionnement<\/h3><h3>\u00c9bouteuse \u00e0 scies multiples<\/h3>\t\t\t\t\t\t<\/div>\n\t\t\t\t<\/div>\n\t\t\t\t\t<\/div>\n\t\t<\/div>\n\t\t\t\t<div class=\"elementor-column elementor-col-50 elementor-inner-column elementor-element elementor-element-f29a64a\" data-id=\"f29a64a\" data-element_type=\"column\">\n\t\t\t<div class=\"elementor-widget-wrap elementor-element-populated\">\n\t\t\t\t\t\t<div class=\"elementor-element elementor-element-53cc482 elementor-widget elementor-widget-text-editor\" data-id=\"53cc482\" data-element_type=\"widget\" data-widget_type=\"text-editor.default\">\n\t\t\t\t<div class=\"elementor-widget-container\">\n\t\t\t\t\t\t\t<h3><strong><u>AVANTAGES DU SMART-TRIM <\/u><\/strong><\/h3><h3>Encombrement minimal<\/h3><h3>Versatilit\u00e9\u00a0: toutes les longueurs possibles.<\/h3><h3>Valeur ajout\u00e9e pour acc\u00e9der aux march\u00e9s de niche.<\/h3>\t\t\t\t\t\t<\/div>\n\t\t\t\t<\/div>\n\t\t\t\t\t<\/div>\n\t\t<\/div>\n\t\t\t\t\t<\/div>\n\t\t<\/section>\n\t\t\t\t\t<\/div>\n\t\t<\/div>\n\t\t\t\t\t<\/div>\n\t\t<\/section>\n\t\t\t\t<section class=\"elementor-section elementor-top-section elementor-element elementor-element-c211b2c elementor-section-boxed elementor-section-height-default elementor-section-height-default\" data-id=\"c211b2c\" data-element_type=\"section\" data-settings=\"{&quot;jet_parallax_layout_list&quot;:[]}\">\n\t\t\t\t\t\t<div class=\"elementor-container elementor-column-gap-default\">\n\t\t\t\t\t<div class=\"elementor-column elementor-col-100 elementor-top-column elementor-element elementor-element-29373c4\" data-id=\"29373c4\" data-element_type=\"column\">\n\t\t\t<div class=\"elementor-widget-wrap elementor-element-populated\">\n\t\t\t\t\t\t<div class=\"elementor-element elementor-element-4f97f16 elementor-widget elementor-widget-text-editor\" data-id=\"4f97f16\" data-element_type=\"widget\" data-widget_type=\"text-editor.default\">\n\t\t\t\t<div class=\"elementor-widget-container\">\n\t\t\t\t\t\t\t<h3><strong><u>\u00c0 PROPOS DE SMARTMILL<\/u><\/strong><\/h3><h3>\u00a0<\/h3><h3><strong>\u00a0<\/strong><strong>SmartMill<\/strong> con\u00e7oit et d\u00e9veloppe des solutions int\u00e9gr\u00e9es pour am\u00e9liorer et optimiser les proc\u00e9d\u00e9s et la production des usines de sciage. L\u2019\u00e9quipe <strong>SmartMill<\/strong> est compos\u00e9e d\u2019experts d\u00e9di\u00e9s et engag\u00e9s avec la r\u00e9ussite de nos clients. \u00c0 cet \u00e9gard, nous encourageons le d\u00e9veloppement des partenariats soutenables avec tous nos clients.<\/h3><h3>Dans le but de r\u00e9pondre \u00e0 la grandissante demande de produits de la plus haute qualit\u00e9, nous concevons, produisons et installons des \u00e9quipements automatis\u00e9s \u00e0 la fine pointe qui en m\u00eame temps sont de solutions adapt\u00e9es et personnalis\u00e9es pour pr\u00e9server et augmenter la profitabilit\u00e9 des compagnies avec lesquels nous travaillons.<\/h3><h3>\u00a0<\/h3><h3>Pour plus d&rsquo;informations, <a href=\"mailto:services@smartmill.ca\">contactez-nous<\/a>!<\/h3>\t\t\t\t\t\t<\/div>\n\t\t\t\t<\/div>\n\t\t\t\t\t<\/div>\n\t\t<\/div>\n\t\t\t\t\t<\/div>\n\t\t<\/section>\n\t\t\t\t<section class=\"elementor-section elementor-top-section elementor-element elementor-element-9984158 elementor-section-boxed elementor-section-height-default elementor-section-height-default\" data-id=\"9984158\" data-element_type=\"section\" data-settings=\"{&quot;jet_parallax_layout_list&quot;:[]}\">\n\t\t\t\t\t\t<div class=\"elementor-container elementor-column-gap-default\">\n\t\t\t\t\t<div class=\"elementor-column elementor-col-100 elementor-top-column elementor-element elementor-element-16da806\" data-id=\"16da806\" data-element_type=\"column\">\n\t\t\t<div class=\"elementor-widget-wrap elementor-element-populated\">\n\t\t\t\t\t\t<div class=\"elementor-element elementor-element-b2f4103 elementor-widget elementor-widget-image\" data-id=\"b2f4103\" data-element_type=\"widget\" data-widget_type=\"image.default\">\n\t\t\t\t<div class=\"elementor-widget-container\">\n\t\t\t\t\t\t\t\t\t\t\t\t\t<img decoding=\"async\" width=\"1024\" height=\"494\" src=\"https:\/\/smartmill.ca\/wp-content\/uploads\/2022\/11\/SmartMill-Ante-Fr-1024x494.jpg\" class=\"attachment-large size-large wp-image-8327\" alt=\"\" srcset=\"https:\/\/smartmill.ca\/wp-content\/uploads\/2022\/11\/SmartMill-Ante-Fr-1024x494.jpg 1024w, https:\/\/smartmill.ca\/wp-content\/uploads\/2022\/11\/SmartMill-Ante-Fr-300x145.jpg 300w, https:\/\/smartmill.ca\/wp-content\/uploads\/2022\/11\/SmartMill-Ante-Fr-768x371.jpg 768w, https:\/\/smartmill.ca\/wp-content\/uploads\/2022\/11\/SmartMill-Ante-Fr-1536x741.jpg 1536w, https:\/\/smartmill.ca\/wp-content\/uploads\/2022\/11\/SmartMill-Ante-Fr.jpg 2000w\" sizes=\"(max-width: 1024px) 100vw, 1024px\" \/>\t\t\t\t\t\t\t\t\t\t\t\t\t<\/div>\n\t\t\t\t<\/div>\n\t\t\t\t\t<\/div>\n\t\t<\/div>\n\t\t\t\t\t<\/div>\n\t\t<\/section>\n\t\t\t\t<\/div>\n\t\t","protected":false},"excerpt":{"rendered":"<p>Jean B\u00e9rub\u00e9, pr\u00e9sident de SmartMill, a confirm\u00e9 la signature d\u2019un nouveau contrat couvrant la vente et l\u2019installation du syst\u00e8me Smart Trim \u00e0 Ante-Holz GmbH, le plus gros producteur de bois d\u2019\u0153uvre en Allemagne. &nbsp; \u00ab&nbsp;Cette innovante technologie d\u2019\u00e9boutage, d\u2019invention Qu\u00e9b\u00e9coise, conna\u00eet d\u00e9j\u00e0 un succ\u00e8s important au Canada et les \u00c9tats-Unis. Aujourd\u2019hui, je suis tr\u00e8s fier [&hellip;]<\/p>\n","protected":false},"author":1,"featured_media":8324,"comment_status":"open","ping_status":"open","sticky":false,"template":"","format":"standard","meta":{"content-type":"","footnotes":""},"categories":[33],"tags":[],"acf":[],"yoast_head":"<!-- This site is optimized with the Yoast SEO plugin v22.6 - https:\/\/yoast.com\/wordpress\/plugins\/seo\/ -->\n<title>SmartMill perce la zone Euro avec la vente d&#039;un syst\u00e8me Smart Trim en Allemagne. - SmartMill<\/title>\n<meta name=\"description\" content=\"SmartMill fait son entr\u00e9e dans le march\u00e9 europ\u00e9en avec la vente d&#039;un Smart Trim \u00e0 Ante-Holz GmbH, un de plus gros producteurs de bois d&#039;oeuvre en Allemagne.\" \/>\n<meta name=\"robots\" content=\"index, follow, max-snippet:-1, max-image-preview:large, max-video-preview:-1\" \/>\n<link rel=\"canonical\" href=\"https:\/\/smartmill.ca\/fr\/smartmill-perce-le-marche-europeen-avec-le-smart-trim\/\" \/>\n<meta property=\"og:locale\" content=\"fr_FR\" \/>\n<meta property=\"og:type\" content=\"article\" \/>\n<meta property=\"og:title\" content=\"SmartMill perce la zone Euro avec la vente d&#039;un syst\u00e8me Smart Trim en Allemagne. - SmartMill\" \/>\n<meta property=\"og:description\" content=\"SmartMill fait son entr\u00e9e dans le march\u00e9 europ\u00e9en avec la vente d&#039;un Smart Trim \u00e0 Ante-Holz GmbH, un de plus gros producteurs de bois d&#039;oeuvre en Allemagne.\" \/>\n<meta property=\"og:url\" content=\"https:\/\/smartmill.ca\/fr\/smartmill-perce-le-marche-europeen-avec-le-smart-trim\/\" \/>\n<meta property=\"og:site_name\" content=\"SmartMill\" \/>\n<meta property=\"article:published_time\" content=\"2022-11-08T18:55:39+00:00\" \/>\n<meta property=\"article:modified_time\" content=\"2022-11-08T19:13:12+00:00\" \/>\n<meta property=\"og:image\" content=\"https:\/\/smartmill.ca\/wp-content\/uploads\/2022\/11\/SmartMill-Europe-Fr.jpg\" \/>\n\t<meta property=\"og:image:width\" content=\"940\" \/>\n\t<meta property=\"og:image:height\" content=\"788\" \/>\n\t<meta property=\"og:image:type\" content=\"image\/jpeg\" \/>\n<meta name=\"author\" content=\"Agence Le saint\" \/>\n<meta name=\"twitter:card\" content=\"summary_large_image\" \/>\n<meta name=\"twitter:label1\" content=\"\u00c9crit par\" \/>\n\t<meta name=\"twitter:data1\" content=\"Agence Le saint\" \/>\n\t<meta name=\"twitter:label2\" content=\"Dur\u00e9e de lecture estim\u00e9e\" \/>\n\t<meta name=\"twitter:data2\" content=\"2 minutes\" \/>\n<script type=\"application\/ld+json\" class=\"yoast-schema-graph\">{\"@context\":\"https:\/\/schema.org\",\"@graph\":[{\"@type\":\"Article\",\"@id\":\"https:\/\/smartmill.ca\/fr\/smartmill-perce-le-marche-europeen-avec-le-smart-trim\/#article\",\"isPartOf\":{\"@id\":\"https:\/\/smartmill.ca\/fr\/smartmill-perce-le-marche-europeen-avec-le-smart-trim\/\"},\"author\":{\"name\":\"Agence Le saint\",\"@id\":\"https:\/\/smartmill.ca\/#\/schema\/person\/6aed7f109c540f62394029a256a43a6a\"},\"headline\":\"SmartMill perce la zone Euro avec la vente d&rsquo;un syst\u00e8me Smart Trim en Allemagne.\",\"datePublished\":\"2022-11-08T18:55:39+00:00\",\"dateModified\":\"2022-11-08T19:13:12+00:00\",\"mainEntityOfPage\":{\"@id\":\"https:\/\/smartmill.ca\/fr\/smartmill-perce-le-marche-europeen-avec-le-smart-trim\/\"},\"wordCount\":375,\"commentCount\":0,\"publisher\":{\"@id\":\"https:\/\/smartmill.ca\/#organization\"},\"image\":{\"@id\":\"https:\/\/smartmill.ca\/fr\/smartmill-perce-le-marche-europeen-avec-le-smart-trim\/#primaryimage\"},\"thumbnailUrl\":\"https:\/\/smartmill.ca\/wp-content\/uploads\/2022\/11\/SmartMill-Europe-Fr.jpg\",\"articleSection\":[\"Nouvelles\"],\"inLanguage\":\"fr-FR\",\"potentialAction\":[{\"@type\":\"CommentAction\",\"name\":\"Comment\",\"target\":[\"https:\/\/smartmill.ca\/fr\/smartmill-perce-le-marche-europeen-avec-le-smart-trim\/#respond\"]}]},{\"@type\":\"WebPage\",\"@id\":\"https:\/\/smartmill.ca\/fr\/smartmill-perce-le-marche-europeen-avec-le-smart-trim\/\",\"url\":\"https:\/\/smartmill.ca\/fr\/smartmill-perce-le-marche-europeen-avec-le-smart-trim\/\",\"name\":\"SmartMill perce la zone Euro avec la vente d'un syst\u00e8me Smart Trim en Allemagne. - SmartMill\",\"isPartOf\":{\"@id\":\"https:\/\/smartmill.ca\/#website\"},\"primaryImageOfPage\":{\"@id\":\"https:\/\/smartmill.ca\/fr\/smartmill-perce-le-marche-europeen-avec-le-smart-trim\/#primaryimage\"},\"image\":{\"@id\":\"https:\/\/smartmill.ca\/fr\/smartmill-perce-le-marche-europeen-avec-le-smart-trim\/#primaryimage\"},\"thumbnailUrl\":\"https:\/\/smartmill.ca\/wp-content\/uploads\/2022\/11\/SmartMill-Europe-Fr.jpg\",\"datePublished\":\"2022-11-08T18:55:39+00:00\",\"dateModified\":\"2022-11-08T19:13:12+00:00\",\"description\":\"SmartMill fait son entr\u00e9e dans le march\u00e9 europ\u00e9en avec la vente d'un Smart Trim \u00e0 Ante-Holz GmbH, un de plus gros producteurs de bois d'oeuvre en Allemagne.\",\"breadcrumb\":{\"@id\":\"https:\/\/smartmill.ca\/fr\/smartmill-perce-le-marche-europeen-avec-le-smart-trim\/#breadcrumb\"},\"inLanguage\":\"fr-FR\",\"potentialAction\":[{\"@type\":\"ReadAction\",\"target\":[\"https:\/\/smartmill.ca\/fr\/smartmill-perce-le-marche-europeen-avec-le-smart-trim\/\"]}]},{\"@type\":\"ImageObject\",\"inLanguage\":\"fr-FR\",\"@id\":\"https:\/\/smartmill.ca\/fr\/smartmill-perce-le-marche-europeen-avec-le-smart-trim\/#primaryimage\",\"url\":\"https:\/\/smartmill.ca\/wp-content\/uploads\/2022\/11\/SmartMill-Europe-Fr.jpg\",\"contentUrl\":\"https:\/\/smartmill.ca\/wp-content\/uploads\/2022\/11\/SmartMill-Europe-Fr.jpg\",\"width\":940,\"height\":788},{\"@type\":\"BreadcrumbList\",\"@id\":\"https:\/\/smartmill.ca\/fr\/smartmill-perce-le-marche-europeen-avec-le-smart-trim\/#breadcrumb\",\"itemListElement\":[{\"@type\":\"ListItem\",\"position\":1,\"name\":\"Accueil\",\"item\":\"https:\/\/smartmill.ca\/\"},{\"@type\":\"ListItem\",\"position\":2,\"name\":\"SmartMill perce la zone Euro avec la vente d&rsquo;un syst\u00e8me Smart Trim en Allemagne.\"}]},{\"@type\":\"WebSite\",\"@id\":\"https:\/\/smartmill.ca\/#website\",\"url\":\"https:\/\/smartmill.ca\/\",\"name\":\"SmartMill\",\"description\":\"Augmentez votre capacit\u00e9 et votre rentabilit\u00e9\",\"publisher\":{\"@id\":\"https:\/\/smartmill.ca\/#organization\"},\"potentialAction\":[{\"@type\":\"SearchAction\",\"target\":{\"@type\":\"EntryPoint\",\"urlTemplate\":\"https:\/\/smartmill.ca\/?s={search_term_string}\"},\"query-input\":\"required name=search_term_string\"}],\"inLanguage\":\"fr-FR\"},{\"@type\":\"Organization\",\"@id\":\"https:\/\/smartmill.ca\/#organization\",\"name\":\"Smartmill\",\"url\":\"https:\/\/smartmill.ca\/\",\"logo\":{\"@type\":\"ImageObject\",\"inLanguage\":\"fr-FR\",\"@id\":\"https:\/\/smartmill.ca\/#\/schema\/logo\/image\/\",\"url\":\"https:\/\/smartmill.ca\/wp-content\/uploads\/2020\/03\/smartmill-logo-2.svg\",\"contentUrl\":\"https:\/\/smartmill.ca\/wp-content\/uploads\/2020\/03\/smartmill-logo-2.svg\",\"width\":481.3,\"height\":107.5,\"caption\":\"Smartmill\"},\"image\":{\"@id\":\"https:\/\/smartmill.ca\/#\/schema\/logo\/image\/\"},\"sameAs\":[\"https:\/\/www.linkedin.com\/company\/smartmill-bd\/mycompany\/?viewAsMember=true\",\"https:\/\/www.youtube.com\/channel\/UCLhyCcHwPjwkUzcKPhk7D_A\"]},{\"@type\":\"Person\",\"@id\":\"https:\/\/smartmill.ca\/#\/schema\/person\/6aed7f109c540f62394029a256a43a6a\",\"name\":\"Agence Le saint\",\"image\":{\"@type\":\"ImageObject\",\"inLanguage\":\"fr-FR\",\"@id\":\"https:\/\/smartmill.ca\/#\/schema\/person\/image\/\",\"url\":\"https:\/\/secure.gravatar.com\/avatar\/e60cf29e38c216975b0c912214e6828c?s=96&d=mm&r=g\",\"contentUrl\":\"https:\/\/secure.gravatar.com\/avatar\/e60cf29e38c216975b0c912214e6828c?s=96&d=mm&r=g\",\"caption\":\"Agence Le saint\"}}]}<\/script>\n<!-- \/ Yoast SEO plugin. -->","yoast_head_json":{"title":"SmartMill perce la zone Euro avec la vente d'un syst\u00e8me Smart Trim en Allemagne. - SmartMill","description":"SmartMill fait son entr\u00e9e dans le march\u00e9 europ\u00e9en avec la vente d'un Smart Trim \u00e0 Ante-Holz GmbH, un de plus gros producteurs de bois d'oeuvre en Allemagne.","robots":{"index":"index","follow":"follow","max-snippet":"max-snippet:-1","max-image-preview":"max-image-preview:large","max-video-preview":"max-video-preview:-1"},"canonical":"https:\/\/smartmill.ca\/fr\/smartmill-perce-le-marche-europeen-avec-le-smart-trim\/","og_locale":"fr_FR","og_type":"article","og_title":"SmartMill perce la zone Euro avec la vente d'un syst\u00e8me Smart Trim en Allemagne. - SmartMill","og_description":"SmartMill fait son entr\u00e9e dans le march\u00e9 europ\u00e9en avec la vente d'un Smart Trim \u00e0 Ante-Holz GmbH, un de plus gros producteurs de bois d'oeuvre en Allemagne.","og_url":"https:\/\/smartmill.ca\/fr\/smartmill-perce-le-marche-europeen-avec-le-smart-trim\/","og_site_name":"SmartMill","article_published_time":"2022-11-08T18:55:39+00:00","article_modified_time":"2022-11-08T19:13:12+00:00","og_image":[{"width":940,"height":788,"url":"https:\/\/smartmill.ca\/wp-content\/uploads\/2022\/11\/SmartMill-Europe-Fr.jpg","type":"image\/jpeg"}],"author":"Agence Le saint","twitter_card":"summary_large_image","twitter_misc":{"\u00c9crit par":"Agence Le saint","Dur\u00e9e de lecture estim\u00e9e":"2 minutes"},"schema":{"@context":"https:\/\/schema.org","@graph":[{"@type":"Article","@id":"https:\/\/smartmill.ca\/fr\/smartmill-perce-le-marche-europeen-avec-le-smart-trim\/#article","isPartOf":{"@id":"https:\/\/smartmill.ca\/fr\/smartmill-perce-le-marche-europeen-avec-le-smart-trim\/"},"author":{"name":"Agence Le saint","@id":"https:\/\/smartmill.ca\/#\/schema\/person\/6aed7f109c540f62394029a256a43a6a"},"headline":"SmartMill perce la zone Euro avec la vente d&rsquo;un syst\u00e8me Smart Trim en Allemagne.","datePublished":"2022-11-08T18:55:39+00:00","dateModified":"2022-11-08T19:13:12+00:00","mainEntityOfPage":{"@id":"https:\/\/smartmill.ca\/fr\/smartmill-perce-le-marche-europeen-avec-le-smart-trim\/"},"wordCount":375,"commentCount":0,"publisher":{"@id":"https:\/\/smartmill.ca\/#organization"},"image":{"@id":"https:\/\/smartmill.ca\/fr\/smartmill-perce-le-marche-europeen-avec-le-smart-trim\/#primaryimage"},"thumbnailUrl":"https:\/\/smartmill.ca\/wp-content\/uploads\/2022\/11\/SmartMill-Europe-Fr.jpg","articleSection":["Nouvelles"],"inLanguage":"fr-FR","potentialAction":[{"@type":"CommentAction","name":"Comment","target":["https:\/\/smartmill.ca\/fr\/smartmill-perce-le-marche-europeen-avec-le-smart-trim\/#respond"]}]},{"@type":"WebPage","@id":"https:\/\/smartmill.ca\/fr\/smartmill-perce-le-marche-europeen-avec-le-smart-trim\/","url":"https:\/\/smartmill.ca\/fr\/smartmill-perce-le-marche-europeen-avec-le-smart-trim\/","name":"SmartMill perce la zone Euro avec la vente d'un syst\u00e8me Smart Trim en Allemagne. - SmartMill","isPartOf":{"@id":"https:\/\/smartmill.ca\/#website"},"primaryImageOfPage":{"@id":"https:\/\/smartmill.ca\/fr\/smartmill-perce-le-marche-europeen-avec-le-smart-trim\/#primaryimage"},"image":{"@id":"https:\/\/smartmill.ca\/fr\/smartmill-perce-le-marche-europeen-avec-le-smart-trim\/#primaryimage"},"thumbnailUrl":"https:\/\/smartmill.ca\/wp-content\/uploads\/2022\/11\/SmartMill-Europe-Fr.jpg","datePublished":"2022-11-08T18:55:39+00:00","dateModified":"2022-11-08T19:13:12+00:00","description":"SmartMill fait son entr\u00e9e dans le march\u00e9 europ\u00e9en avec la vente d'un Smart Trim \u00e0 Ante-Holz GmbH, un de plus gros producteurs de bois d'oeuvre en Allemagne.","breadcrumb":{"@id":"https:\/\/smartmill.ca\/fr\/smartmill-perce-le-marche-europeen-avec-le-smart-trim\/#breadcrumb"},"inLanguage":"fr-FR","potentialAction":[{"@type":"ReadAction","target":["https:\/\/smartmill.ca\/fr\/smartmill-perce-le-marche-europeen-avec-le-smart-trim\/"]}]},{"@type":"ImageObject","inLanguage":"fr-FR","@id":"https:\/\/smartmill.ca\/fr\/smartmill-perce-le-marche-europeen-avec-le-smart-trim\/#primaryimage","url":"https:\/\/smartmill.ca\/wp-content\/uploads\/2022\/11\/SmartMill-Europe-Fr.jpg","contentUrl":"https:\/\/smartmill.ca\/wp-content\/uploads\/2022\/11\/SmartMill-Europe-Fr.jpg","width":940,"height":788},{"@type":"BreadcrumbList","@id":"https:\/\/smartmill.ca\/fr\/smartmill-perce-le-marche-europeen-avec-le-smart-trim\/#breadcrumb","itemListElement":[{"@type":"ListItem","position":1,"name":"Accueil","item":"https:\/\/smartmill.ca\/"},{"@type":"ListItem","position":2,"name":"SmartMill perce la zone Euro avec la vente d&rsquo;un syst\u00e8me Smart Trim en Allemagne."}]},{"@type":"WebSite","@id":"https:\/\/smartmill.ca\/#website","url":"https:\/\/smartmill.ca\/","name":"SmartMill","description":"Augmentez votre capacit\u00e9 et votre rentabilit\u00e9","publisher":{"@id":"https:\/\/smartmill.ca\/#organization"},"potentialAction":[{"@type":"SearchAction","target":{"@type":"EntryPoint","urlTemplate":"https:\/\/smartmill.ca\/?s={search_term_string}"},"query-input":"required name=search_term_string"}],"inLanguage":"fr-FR"},{"@type":"Organization","@id":"https:\/\/smartmill.ca\/#organization","name":"Smartmill","url":"https:\/\/smartmill.ca\/","logo":{"@type":"ImageObject","inLanguage":"fr-FR","@id":"https:\/\/smartmill.ca\/#\/schema\/logo\/image\/","url":"https:\/\/smartmill.ca\/wp-content\/uploads\/2020\/03\/smartmill-logo-2.svg","contentUrl":"https:\/\/smartmill.ca\/wp-content\/uploads\/2020\/03\/smartmill-logo-2.svg","width":481.3,"height":107.5,"caption":"Smartmill"},"image":{"@id":"https:\/\/smartmill.ca\/#\/schema\/logo\/image\/"},"sameAs":["https:\/\/www.linkedin.com\/company\/smartmill-bd\/mycompany\/?viewAsMember=true","https:\/\/www.youtube.com\/channel\/UCLhyCcHwPjwkUzcKPhk7D_A"]},{"@type":"Person","@id":"https:\/\/smartmill.ca\/#\/schema\/person\/6aed7f109c540f62394029a256a43a6a","name":"Agence Le saint","image":{"@type":"ImageObject","inLanguage":"fr-FR","@id":"https:\/\/smartmill.ca\/#\/schema\/person\/image\/","url":"https:\/\/secure.gravatar.com\/avatar\/e60cf29e38c216975b0c912214e6828c?s=96&d=mm&r=g","contentUrl":"https:\/\/secure.gravatar.com\/avatar\/e60cf29e38c216975b0c912214e6828c?s=96&d=mm&r=g","caption":"Agence Le saint"}}]}},"_links":{"self":[{"href":"https:\/\/smartmill.ca\/fr\/wp-json\/wp\/v2\/posts\/8323"}],"collection":[{"href":"https:\/\/smartmill.ca\/fr\/wp-json\/wp\/v2\/posts"}],"about":[{"href":"https:\/\/smartmill.ca\/fr\/wp-json\/wp\/v2\/types\/post"}],"author":[{"embeddable":true,"href":"https:\/\/smartmill.ca\/fr\/wp-json\/wp\/v2\/users\/1"}],"replies":[{"embeddable":true,"href":"https:\/\/smartmill.ca\/fr\/wp-json\/wp\/v2\/comments?post=8323"}],"version-history":[{"count":0,"href":"https:\/\/smartmill.ca\/fr\/wp-json\/wp\/v2\/posts\/8323\/revisions"}],"wp:featuredmedia":[{"embeddable":true,"href":"https:\/\/smartmill.ca\/fr\/wp-json\/wp\/v2\/media\/8324"}],"wp:attachment":[{"href":"https:\/\/smartmill.ca\/fr\/wp-json\/wp\/v2\/media?parent=8323"}],"wp:term":[{"taxonomy":"category","embeddable":true,"href":"https:\/\/smartmill.ca\/fr\/wp-json\/wp\/v2\/categories?post=8323"},{"taxonomy":"post_tag","embeddable":true,"href":"https:\/\/smartmill.ca\/fr\/wp-json\/wp\/v2\/tags?post=8323"}],"curies":[{"name":"wp","href":"https:\/\/api.w.org\/{rel}","templated":true}]}}